{"id":21291,"date":"2019-02-04T18:58:58","date_gmt":"2019-02-04T17:58:58","guid":{"rendered":"https:\/\/churwalden.ch\/schule\/?p=21291"},"modified":"2019-02-04T18:58:58","modified_gmt":"2019-02-04T17:58:58","slug":"projektwoche-oberstufe-churwalden-2-2-2-2","status":"publish","type":"post","link":"https:\/\/churwalden.ch\/schule\/projektwoche-oberstufe-churwalden-2-2-2-2\/","title":{"rendered":"Schneesch\u00fcali Wanderpokal bleibt im Schulhaus Malix"},"content":{"rendered":"<div class=\"wpb-content-wrapper\"><p>[vc_row css_animation=&#8220;&#8220; row_type=&#8220;row&#8220; use_row_as_full_screen_section=&#8220;no&#8220; type=&#8220;full_width&#8220; angled_section=&#8220;no&#8220; text_align=&#8220;left&#8220; background_image_as_pattern=&#8220;without_pattern&#8220;][vc_column][vc_column_text]19 Kinder\u00a0 aus dem Schulhaus Malix haben den Wanderpokal vom ESV Schneesch\u00fcali Skirennen auf Brambr\u00fcesch erfolgreich verteidigt. Bereits zum dritten Mal haben prozentual im Vergleicht mit allen Schulh\u00e4usern am meisten Sch\u00fclerinnen und Sch\u00fcler aus dem Schulhaus Malix am Schneesch\u00fcali teilgenommen und somit den Wanderpokal gewonnen.<\/p>\n<p>Der Pokal wird in den n\u00e4chsten Tagen den Kindern vom Schulhaus Malix \u00fcbergeben.[\/vc_column_text][vc_empty_space][vc_gallery type=&#8220;image_grid&#8220; images=&#8220;21292&#8243; img_size=&#8220;300&#215;200&#8243; column_number=&#8220;3&#8243; grayscale=&#8220;no&#8220; images_space=&#8220;gallery_with_space&#8220;][\/vc_column][\/vc_row]<\/p>\n<\/div>","protected":false},"excerpt":{"rendered":"<p>19 Kinder\u00a0 aus dem Schulhaus Malix haben den Wanderpokal vom ESV Schneesch\u00fcali Skirennen auf Brambr\u00fcesch erfolgreich verteidigt. Bereits zum<\/p>\n","protected":false},"author":34,"featured_media":21292,"comment_status":"closed","ping_status":"open","sticky":false,"template":"","format":"standard","meta":{"footnotes":""},"categories":[166],"tags":[],"class_list":["post-21291","post","type-post","status-publish","format-standard","has-post-thumbnail","hentry","category-news"],"aioseo_notices":[],"_links":{"self":[{"href":"https:\/\/churwalden.ch\/schule\/wp-json\/wp\/v2\/posts\/21291","targetHints":{"allow":["GET"]}}],"collection":[{"href":"https:\/\/churwalden.ch\/schule\/wp-json\/wp\/v2\/posts"}],"about":[{"href":"https:\/\/churwalden.ch\/schule\/wp-json\/wp\/v2\/types\/post"}],"author":[{"embeddable":true,"href":"https:\/\/churwalden.ch\/schule\/wp-json\/wp\/v2\/users\/34"}],"replies":[{"embeddable":true,"href":"https:\/\/churwalden.ch\/schule\/wp-json\/wp\/v2\/comments?post=21291"}],"version-history":[{"count":1,"href":"https:\/\/churwalden.ch\/schule\/wp-json\/wp\/v2\/posts\/21291\/revisions"}],"predecessor-version":[{"id":21293,"href":"https:\/\/churwalden.ch\/schule\/wp-json\/wp\/v2\/posts\/21291\/revisions\/21293"}],"wp:featuredmedia":[{"embeddable":true,"href":"https:\/\/churwalden.ch\/schule\/wp-json\/wp\/v2\/media\/21292"}],"wp:attachment":[{"href":"https:\/\/churwalden.ch\/schule\/wp-json\/wp\/v2\/media?parent=21291"}],"wp:term":[{"taxonomy":"category","embeddable":true,"href":"https:\/\/churwalden.ch\/schule\/wp-json\/wp\/v2\/categories?post=21291"},{"taxonomy":"post_tag","embeddable":true,"href":"https:\/\/churwalden.ch\/schule\/wp-json\/wp\/v2\/tags?post=21291"}],"curies":[{"name":"wp","href":"https:\/\/api.w.org\/{rel}","templated":true}]}}