{"id":22407,"date":"2023-04-06T13:27:51","date_gmt":"2023-04-06T11:27:51","guid":{"rendered":"https:\/\/churwalden.ch\/schule\/?p=22407"},"modified":"2023-04-06T13:27:51","modified_gmt":"2023-04-06T11:27:51","slug":"malen-wie-paul-klee","status":"publish","type":"post","link":"https:\/\/churwalden.ch\/schule\/malen-wie-paul-klee\/","title":{"rendered":"Malen, wie Paul Klee"},"content":{"rendered":"<div class=\"wpb-content-wrapper\"><p>[vc_row css_animation=&#8220;&#8220; row_type=&#8220;row&#8220; use_row_as_full_screen_section=&#8220;no&#8220; type=&#8220;full_width&#8220; angled_section=&#8220;no&#8220; text_align=&#8220;left&#8220; background_image_as_pattern=&#8220;without_pattern&#8220;][vc_column][vc_column_text]Von der Linie zum Bild<\/p>\n<p>Zum Workshop \u00abMalen, wie Paul Klee\u00bb, aus der Reihe Begabungs- und Begabtenf\u00f6rderung der Schule Churwalden, erschienen im Zyklus 1 vierzehn neugierige Kids, sowie f\u00fcnf M\u00e4dchen im Zyklus 2. Gut ausger\u00fcstet mit Malsch\u00fcrze, Wasserfarben, Pinsel und grossen Erwartungen versammelten sie sich um ihre Lehrerinnen.<\/p>\n<p>Zuerst galt es einmal den K\u00fcnstler Paul Klee kennen zu lernen. Spielerisch schl\u00fcpften die j\u00fcngeren Kinder in die Rollen von Paul Klees Eltern, Schwester Mathilde, Frau Lily, Kind Felix und Freunde. So wurde die Biografie schnell erz\u00e4hlt. Geboren in M\u00fcnchenbuchsee ging er dann in Bern zur Schule. Seine Schulhefte zierten die verschiedensten Karikaturen und Silhouetten. Wahrscheinlich zur Freude seiner Lehrer!<\/p>\n<p>Die eine Sch\u00fclergruppe ging daran Paul Klee zu imitieren und aus einer Linie einen Gegenstand zu zeichnen und ihn anschliessend mit Wasserfarben zu kolorieren. Die andere Gruppe versuchte zum Gedicht \u00abDer Faden\u00bb von Josef Guggenmos mit einem St\u00fcck Garn die inhaltlichen Figuren nachzulegen. Was man mit einem St\u00fcck Faden so alles machen kann! Tagef\u00fcllend!<\/p>\n<p>In den folgenden Stunden betrachteten die jungen K\u00fcnstler diverse Werke von Paul Klee. Studierten seine Techniken und seine Entwicklung. Daneben lernten sie seine Wegbegleiter kennen, so z.B. Wassily Kandinsky.<\/p>\n<p>Die Kinder aus dem Zyklus 1 gestalteten ein eigenes Winterbild mit dem Titel \u00abIm Winter ist nicht alles weiss\u00bb, sowie ihr Lieblingstierbild in Anlehnung an Klees \u00abKatze und Vogel\u00bb,<\/p>\n<p>Die Kinder vom Zyklus 2 besch\u00e4ftigten sich mit geometrischen Formen. Mit Baukl\u00f6tzen, Moosgummi und Karton probierten sie verschiedene Techniken aus. Anschliessend gestalteten sie mit den Baukl\u00f6tzen ein Bild nach Klees Gem\u00e4lde \u00abDie Sonne und die Burg\u00bb. Dann setzten sie sich mit der \u00ab Zwitscher-Maschine\u00bb auseinander und malten ihre eigene Maschine. Zu guter Letzt bauten sie aus Alltagsgengest\u00e4nden ihre eigene Handpuppe. Paul Klee hat f\u00fcr seinen Sohn Felix bis zu 50 Handpuppen aus Alltagsgegenst\u00e4nden hergestellt.<\/p>\n<p>Unglaublich, wie vielseitig Paul Klee war und welches Werk er uns hinterlassen hat!<\/p>\n<p>Auch beim n\u00e4chsten Workshop der Begabungs- und Begabtenf\u00f6rderung der Schule Churwalden d\u00fcrfen die Kinder ihrer Fantasie wieder freien Lauf lassen, wenn es heisst: \u00ab Schreibe und gestalte deinen eigenen Comic\u00bb. Wir d\u00fcrfen gespannt sein!<\/p>\n<p><a href=\"https:\/\/churwalden.ch\/schule\/wp-content\/uploads\/2023\/04\/2023.04.06-Bericht-Novitats-Paul-Klee.pdf\" target=\"_blank\" rel=\"noopener\">2023.04.06 Bericht Novitats<\/a>[\/vc_column_text][vc_empty_space][vc_gallery type=&#8220;image_grid&#8220; images=&#8220;22409,22410,22411,22412,22413&#8243; img_size=&#8220;300&#215;200&#8243; column_number=&#8220;3&#8243; grayscale=&#8220;no&#8220; images_space=&#8220;gallery_with_space&#8220;][\/vc_column][\/vc_row]<\/p>\n<\/div>","protected":false},"excerpt":{"rendered":"<p>Von der Linie zum Bild<\/p>\n","protected":false},"author":35,"featured_media":22412,"comment_status":"closed","ping_status":"open","sticky":false,"template":"","format":"standard","meta":{"footnotes":""},"categories":[166],"tags":[],"class_list":["post-22407","post","type-post","status-publish","format-standard","has-post-thumbnail","hentry","category-news"],"aioseo_notices":[],"_links":{"self":[{"href":"https:\/\/churwalden.ch\/schule\/wp-json\/wp\/v2\/posts\/22407","targetHints":{"allow":["GET"]}}],"collection":[{"href":"https:\/\/churwalden.ch\/schule\/wp-json\/wp\/v2\/posts"}],"about":[{"href":"https:\/\/churwalden.ch\/schule\/wp-json\/wp\/v2\/types\/post"}],"author":[{"embeddable":true,"href":"https:\/\/churwalden.ch\/schule\/wp-json\/wp\/v2\/users\/35"}],"replies":[{"embeddable":true,"href":"https:\/\/churwalden.ch\/schule\/wp-json\/wp\/v2\/comments?post=22407"}],"version-history":[{"count":1,"href":"https:\/\/churwalden.ch\/schule\/wp-json\/wp\/v2\/posts\/22407\/revisions"}],"predecessor-version":[{"id":22414,"href":"https:\/\/churwalden.ch\/schule\/wp-json\/wp\/v2\/posts\/22407\/revisions\/22414"}],"wp:featuredmedia":[{"embeddable":true,"href":"https:\/\/churwalden.ch\/schule\/wp-json\/wp\/v2\/media\/22412"}],"wp:attachment":[{"href":"https:\/\/churwalden.ch\/schule\/wp-json\/wp\/v2\/media?parent=22407"}],"wp:term":[{"taxonomy":"category","embeddable":true,"href":"https:\/\/churwalden.ch\/schule\/wp-json\/wp\/v2\/categories?post=22407"},{"taxonomy":"post_tag","embeddable":true,"href":"https:\/\/churwalden.ch\/schule\/wp-json\/wp\/v2\/tags?post=22407"}],"curies":[{"name":"wp","href":"https:\/\/api.w.org\/{rel}","templated":true}]}}