{"id":22432,"date":"2023-05-31T14:05:28","date_gmt":"2023-05-31T12:05:28","guid":{"rendered":"https:\/\/churwalden.ch\/schule\/?p=22432"},"modified":"2023-05-31T14:05:58","modified_gmt":"2023-05-31T12:05:58","slug":"fantasie-zwischen-buchdeckeln","status":"publish","type":"post","link":"https:\/\/churwalden.ch\/schule\/fantasie-zwischen-buchdeckeln\/","title":{"rendered":"Fantasie zwischen Buchdeckeln"},"content":{"rendered":"<div class=\"wpb-content-wrapper\"><p>[vc_row css_animation=&#8220;&#8220; row_type=&#8220;row&#8220; use_row_as_full_screen_section=&#8220;no&#8220; type=&#8220;full_width&#8220; angled_section=&#8220;no&#8220; text_align=&#8220;left&#8220; background_image_as_pattern=&#8220;without_pattern&#8220;][vc_column][vc_column_text]<strong>Churwalden und Malix heissen 12 neue Autor*innen willkommen!<\/strong><\/p>\n<p>Man nehme eine Idee, arbeite ein Projekt aus, gebe dem Ganzen jede Menge Freude und Begeisterung \u2013 und schon bekommt die Idee Fl\u00fcgel.<\/p>\n<p>Die Sch\u00fcler*innen der 2. Klasse von Helen Stirnimann schrieben und gestalteten in den letzten Wochen ein eigenes Bilderbuch.<\/p>\n<p>Mit grossem Elan, viel Freude und Fantasie bereiteten die jungen Schreiberlinge ihre Geschichten vor. Was will ich schreiben, wer soll die Hauptfigur werden, was soll in meiner Geschichte passieren, wo? Wie geht sie aus? Gibt es ein Happy End, oder endet sie mit G\u00e4nsehaut? Wird es ein Krimi oder gar eine Liebesgeschichte?<\/p>\n<p>Als der Rohbau fertig war, durften sie ihre Ideen den i-pads anvertrauen. Sie lasen das Geschriebene \u00e4usserst kritisch durch, \u00fcberpr\u00fcften, \u00e4nderten, verwarfen, fingen wieder erneut an. Jede und jeder wollte die ultimativ coolste und spannendste Geschichte sein Eigen nennen.<\/p>\n<p>Was w\u00e4re ein Bilderbuch ohne Bilder? Wie eine Suppe ohne Salz. Das Programm Knietzsche erm\u00f6glichte den jungen Autor*innen ihre Geschichten zu illustrieren. Eifrig wurden die S\u00e4tze mit den dazu passenden Bildern untermalt. Es herrschte nicht nur eine rege T\u00e4tigkeit, nein, auch die Atmosph\u00e4re im Klassenzimmer war gepr\u00e4gt von Freude und Stolz. Die Kinder strahlten um die Wette und es war wundersch\u00f6n, miterleben zu d\u00fcrfen, wie die einzigartigen Kunstwerke entstanden.<\/p>\n<p>Ja, und dann kam der 10.05. ein pr\u00e4gender Morgen, denn die Poeten durften zum ersten Mal ihre Werke in der 1. Klasse vorstellen. Manch einer war nerv\u00f6s und hatte Lampenfieber. Dies legte sich aber schnell, denn die 1. Kl\u00e4ssler*innen hingen den Vorlesern sozusagen an den Lippen. Am 11.05. kamen dann noch die Kinderg\u00e4rtner*innen in den Genuss der Geschichten. Bravour\u00f6s meisterten sie auch diese Lesung und begeisterten alle Zuh\u00f6rer und Zuh\u00f6rerinnen.<\/p>\n<p>Die drei involvierten Lehrpersonen Helen Stirnimann, Marina Brenn und Claudia Heuberger gratulieren euch herzlich zu den einzigartigen Bilderb\u00fcchern. Wir sind m\u00e4chtig stolz auf euch!<\/p>\n<p>Ein tolles Projekt ist nun zu Ende. Das selbst geschriebene und illustrierte Buch wird allen bestimmt noch lange in bester Erinnerung bleiben und vielleicht auch in sp\u00e4teren Jahren immer wieder ein L\u00e4cheln aufs Gesicht zaubern.<\/p>\n<p>Bericht von Claudia Heuberger<\/p>\n<p><a href=\"https:\/\/churwalden.ch\/schule\/wp-content\/uploads\/2023\/05\/2023-05-26-Bericht-Novitats-Bilderbuch.pdf\" target=\"_blank\" rel=\"noopener\">2023-05-26 Bericht Novitats<\/a><\/p>\n<p>&nbsp;<\/p>\n<p>&nbsp;<\/p>\n<p>[\/vc_column_text][vc_empty_space][vc_gallery type=&#8220;image_grid&#8220; images=&#8220;22434,22435,22436,22437,22438&#8243; img_size=&#8220;300&#215;200&#8243; column_number=&#8220;3&#8243; grayscale=&#8220;no&#8220; images_space=&#8220;gallery_with_space&#8220;][\/vc_column][\/vc_row]<\/p>\n<\/div>","protected":false},"excerpt":{"rendered":"<p>Man nehme eine Idee, arbeite ein Projekt aus, gebe dem Ganzen&#8230;&#8230;..<\/p>\n","protected":false},"author":35,"featured_media":22434,"comment_status":"closed","ping_status":"open","sticky":false,"template":"","format":"standard","meta":{"footnotes":""},"categories":[166],"tags":[],"class_list":["post-22432","post","type-post","status-publish","format-standard","has-post-thumbnail","hentry","category-news"],"aioseo_notices":[],"_links":{"self":[{"href":"https:\/\/churwalden.ch\/schule\/wp-json\/wp\/v2\/posts\/22432","targetHints":{"allow":["GET"]}}],"collection":[{"href":"https:\/\/churwalden.ch\/schule\/wp-json\/wp\/v2\/posts"}],"about":[{"href":"https:\/\/churwalden.ch\/schule\/wp-json\/wp\/v2\/types\/post"}],"author":[{"embeddable":true,"href":"https:\/\/churwalden.ch\/schule\/wp-json\/wp\/v2\/users\/35"}],"replies":[{"embeddable":true,"href":"https:\/\/churwalden.ch\/schule\/wp-json\/wp\/v2\/comments?post=22432"}],"version-history":[{"count":1,"href":"https:\/\/churwalden.ch\/schule\/wp-json\/wp\/v2\/posts\/22432\/revisions"}],"predecessor-version":[{"id":22439,"href":"https:\/\/churwalden.ch\/schule\/wp-json\/wp\/v2\/posts\/22432\/revisions\/22439"}],"wp:featuredmedia":[{"embeddable":true,"href":"https:\/\/churwalden.ch\/schule\/wp-json\/wp\/v2\/media\/22434"}],"wp:attachment":[{"href":"https:\/\/churwalden.ch\/schule\/wp-json\/wp\/v2\/media?parent=22432"}],"wp:term":[{"taxonomy":"category","embeddable":true,"href":"https:\/\/churwalden.ch\/schule\/wp-json\/wp\/v2\/categories?post=22432"},{"taxonomy":"post_tag","embeddable":true,"href":"https:\/\/churwalden.ch\/schule\/wp-json\/wp\/v2\/tags?post=22432"}],"curies":[{"name":"wp","href":"https:\/\/api.w.org\/{rel}","templated":true}]}}