{"id":22441,"date":"2023-06-19T09:32:42","date_gmt":"2023-06-19T07:32:42","guid":{"rendered":"https:\/\/churwalden.ch\/schule\/?p=22441"},"modified":"2023-06-19T09:37:22","modified_gmt":"2023-06-19T07:37:22","slug":"klassenschlagr-2023","status":"publish","type":"post","link":"https:\/\/churwalden.ch\/schule\/klassenschlagr-2023\/","title":{"rendered":"KlassenschlaGR 2023"},"content":{"rendered":"<div class=\"wpb-content-wrapper\"><p>[vc_row css_animation=&#8220;&#8220; row_type=&#8220;row&#8220; use_row_as_full_screen_section=&#8220;no&#8220; type=&#8220;full_width&#8220; angled_section=&#8220;no&#8220; text_align=&#8220;left&#8220; background_image_as_pattern=&#8220;without_pattern&#8220;][vc_column][vc_column_text]<strong>KlassenschlaGR<\/strong><\/p>\n<p><strong>Am 6. Juni 2023 nahm die Oberstufe Churwalden am KlassenschlaGR-Finale in Maienfeld teil.<\/strong><\/p>\n<p>Der KlassenschlaGR ist ein Sportevent f\u00fcr Kinder und Jugendliche von der 4.-9. Klasse. Die Sch\u00fcler\/innen m\u00fcssen sich in verschiedenen Disziplinen beweisen. Dazu geh\u00f6ren beispielsweise Lattenzielwerfen, Plank-Challenge, Barrenklettern, Doppelrolle und vieles mehr. Die Qualifikation f\u00fcrs Finale muss man sich mit cleverer Postenverteilung in der Klasse sowie guten Leistungen in den Sportlektionen verdienen.<\/p>\n<p>\u00dcber den ganzen Tag verteilt gab es zudem immer wieder am\u00fcsante Teamevents, bei denen die Klassen besonders kreativ sein mussten. Zum Abschluss des tollen Anlasses fand noch ein spannender 6-Minuten-Ausscheidungslauf statt.<\/p>\n<p>Die 2. und 3. Oberstufe Churwalden zeigten starke Darbietungen und gewannen in ihrer Kategorie. Als Preis erhielten sie den heiss begehrten KlassenschlaGR-Hoodie.<\/p>\n<p>F\u00fcr die 9. Kl\u00e4ssler war es der dritte Sieg bei der dritten Teilnahme! Herzliche Gratulation!<\/p>\n<p><a href=\"https:\/\/churwalden.ch\/schule\/wp-content\/uploads\/2023\/06\/2023.06-Bericht-Novitats-KlassenschlaGR23.pdf\" target=\"_blank\" rel=\"noopener\">2023.06 Bericht Novitats<\/a>[\/vc_column_text][vc_empty_space][vc_gallery type=&#8220;image_grid&#8220; images=&#8220;22448,22449,22450&#8243; img_size=&#8220;300&#215;200&#8243; column_number=&#8220;3&#8243; grayscale=&#8220;no&#8220; images_space=&#8220;gallery_with_space&#8220;][\/vc_column][\/vc_row]<\/p>\n<\/div>","protected":false},"excerpt":{"rendered":"<p>Erfolgreiche Oberstufensch\u00fcler am KlassenschlaGR 2023<\/p>\n","protected":false},"author":35,"featured_media":22449,"comment_status":"closed","ping_status":"open","sticky":false,"template":"","format":"standard","meta":{"footnotes":""},"categories":[166],"tags":[],"class_list":["post-22441","post","type-post","status-publish","format-standard","has-post-thumbnail","hentry","category-news"],"aioseo_notices":[],"_links":{"self":[{"href":"https:\/\/churwalden.ch\/schule\/wp-json\/wp\/v2\/posts\/22441","targetHints":{"allow":["GET"]}}],"collection":[{"href":"https:\/\/churwalden.ch\/schule\/wp-json\/wp\/v2\/posts"}],"about":[{"href":"https:\/\/churwalden.ch\/schule\/wp-json\/wp\/v2\/types\/post"}],"author":[{"embeddable":true,"href":"https:\/\/churwalden.ch\/schule\/wp-json\/wp\/v2\/users\/35"}],"replies":[{"embeddable":true,"href":"https:\/\/churwalden.ch\/schule\/wp-json\/wp\/v2\/comments?post=22441"}],"version-history":[{"count":4,"href":"https:\/\/churwalden.ch\/schule\/wp-json\/wp\/v2\/posts\/22441\/revisions"}],"predecessor-version":[{"id":22455,"href":"https:\/\/churwalden.ch\/schule\/wp-json\/wp\/v2\/posts\/22441\/revisions\/22455"}],"wp:featuredmedia":[{"embeddable":true,"href":"https:\/\/churwalden.ch\/schule\/wp-json\/wp\/v2\/media\/22449"}],"wp:attachment":[{"href":"https:\/\/churwalden.ch\/schule\/wp-json\/wp\/v2\/media?parent=22441"}],"wp:term":[{"taxonomy":"category","embeddable":true,"href":"https:\/\/churwalden.ch\/schule\/wp-json\/wp\/v2\/categories?post=22441"},{"taxonomy":"post_tag","embeddable":true,"href":"https:\/\/churwalden.ch\/schule\/wp-json\/wp\/v2\/tags?post=22441"}],"curies":[{"name":"wp","href":"https:\/\/api.w.org\/{rel}","templated":true}]}}