{"id":22488,"date":"2023-07-31T15:38:31","date_gmt":"2023-07-31T13:38:31","guid":{"rendered":"https:\/\/churwalden.ch\/schule\/?p=22488"},"modified":"2023-07-31T15:41:26","modified_gmt":"2023-07-31T13:41:26","slug":"lesenacht-in-der-bibliothek","status":"publish","type":"post","link":"https:\/\/churwalden.ch\/schule\/lesenacht-in-der-bibliothek\/","title":{"rendered":"Lesenacht in der Bibliothek"},"content":{"rendered":"<div class=\"wpb-content-wrapper\"><p>[vc_row css_animation=&#8220;&#8220; row_type=&#8220;row&#8220; use_row_as_full_screen_section=&#8220;no&#8220; type=&#8220;full_width&#8220; angled_section=&#8220;no&#8220; text_align=&#8220;left&#8220; background_image_as_pattern=&#8220;without_pattern&#8220;][vc_column][vc_column_text]Lesenacht in der Bibliothek Churwalden<\/p>\n<p>Juhui, endlich war es so weit!<\/p>\n<p>Am Donnerstag, dem 15. Juni 2023 trafen sich die Zweitkl\u00e4sslerInnen gemeinsam mit ihrer Lehrerin Frau Stirnimann und den zwei Praktikantinnen Frau Trepp und Frau Conti vor der Bibliothek. Nachdem sich die Kinder von den Eltern verabschiedet hatten (wer war wohl nerv\u00f6ser, die Kinder oder die Eltern?), richteten wir uns in der Bibliothek gem\u00fctlich ein. Jeder suchte sich einen gem\u00fctlichen Schlafplatz, wo das \u201eSchlafm\u00e4tteli\u201c, der Schlafsack und nat\u00fcrlich das Kuscheltier (Schlaftier) ausgelegt wurden.<\/p>\n<p>Durch den Abend begleitete uns eine spannende Detektivgeschichte, bei der in Partnerarbeit immer wieder knifflige R\u00e4tsel gel\u00f6st werden mussten, um in der Geschichte weiterzukommen. Ein feines \u201eBettm\u00fcmpfeli\u201c (Kuchen und Sirup) durfte nat\u00fcrlich auch nicht fehlen! Beim Eindunkeln sorgten unsere Taschenlampen f\u00fcr eine geheimnisvolle Stimmung, bei der wir gemeinsam spannende Geschichten erfanden. Auch das kuschelige Lesen im Schlafsack mit Taschenlampe kam nicht zu kurz. Leise Gitarrenmusik begleitete uns dann ins Land der Tr\u00e4ume. Die einen ein bisschen schneller als die anderen.<\/p>\n<p>Nach einer guten, ruhigen Nacht weckte uns das helle Tageslicht bereits sehr fr\u00fch. Einige Kinder lasen dann aber sehr r\u00fccksichtsvoll und leise in ihren Schlafs\u00e4cken, w\u00e4hrend es den Langschl\u00e4fern tats\u00e4chlich gelang bis etwa 6 Uhr auszuschlafen.<\/p>\n<p>Nach emsigem Aufr\u00e4umen liefen wir gemeinsam zur\u00fcck ins Schulzimmer, wo ein leckeres Fr\u00fchst\u00fcck mit \u201eSchoggibr\u00f6tchen\u201c auf uns wartete.<\/p>\n<p>Diese abenteuerreiche Nacht werden wir alle sicher noch lange in guter Erinnerung behalten.<\/p>\n<p>An dieser Stelle bedanken wir uns beim Bibliotheksteam, dem Gemeinderat und dem Schulrat ganz herzlich, dass sie uns diese besondere Lesenacht erlaubt und erm\u00f6glicht haben.[\/vc_column_text][vc_empty_space][vc_gallery type=&#8220;image_grid&#8220; images=&#8220;22490,22491,22492,22493,22494,22495,22496,22497,22499,22500,22501,22502&#8243; img_size=&#8220;300&#215;200&#8243; column_number=&#8220;3&#8243; grayscale=&#8220;no&#8220; images_space=&#8220;gallery_with_space&#8220;][\/vc_column][\/vc_row]<\/p>\n<\/div>","protected":false},"excerpt":{"rendered":"<p>Juhui, endlich war es so weit!<br \/>\nAm Donnerstag, dem 15. Juni 2023 trafen<\/p>\n","protected":false},"author":35,"featured_media":22490,"comment_status":"closed","ping_status":"open","sticky":false,"template":"","format":"standard","meta":{"footnotes":""},"categories":[166],"tags":[],"class_list":["post-22488","post","type-post","status-publish","format-standard","has-post-thumbnail","hentry","category-news"],"aioseo_notices":[],"_links":{"self":[{"href":"https:\/\/churwalden.ch\/schule\/wp-json\/wp\/v2\/posts\/22488","targetHints":{"allow":["GET"]}}],"collection":[{"href":"https:\/\/churwalden.ch\/schule\/wp-json\/wp\/v2\/posts"}],"about":[{"href":"https:\/\/churwalden.ch\/schule\/wp-json\/wp\/v2\/types\/post"}],"author":[{"embeddable":true,"href":"https:\/\/churwalden.ch\/schule\/wp-json\/wp\/v2\/users\/35"}],"replies":[{"embeddable":true,"href":"https:\/\/churwalden.ch\/schule\/wp-json\/wp\/v2\/comments?post=22488"}],"version-history":[{"count":2,"href":"https:\/\/churwalden.ch\/schule\/wp-json\/wp\/v2\/posts\/22488\/revisions"}],"predecessor-version":[{"id":22504,"href":"https:\/\/churwalden.ch\/schule\/wp-json\/wp\/v2\/posts\/22488\/revisions\/22504"}],"wp:featuredmedia":[{"embeddable":true,"href":"https:\/\/churwalden.ch\/schule\/wp-json\/wp\/v2\/media\/22490"}],"wp:attachment":[{"href":"https:\/\/churwalden.ch\/schule\/wp-json\/wp\/v2\/media?parent=22488"}],"wp:term":[{"taxonomy":"category","embeddable":true,"href":"https:\/\/churwalden.ch\/schule\/wp-json\/wp\/v2\/categories?post=22488"},{"taxonomy":"post_tag","embeddable":true,"href":"https:\/\/churwalden.ch\/schule\/wp-json\/wp\/v2\/tags?post=22488"}],"curies":[{"name":"wp","href":"https:\/\/api.w.org\/{rel}","templated":true}]}}